{"id":518,"date":"2017-06-19T07:48:47","date_gmt":"2017-06-19T07:48:47","guid":{"rendered":"http:\/\/www.musikschulepiccolo.de\/wordpress\/?p=518"},"modified":"2017-06-19T07:49:11","modified_gmt":"2017-06-19T07:49:11","slug":"3-klavierkonzert-im-pfarrsaal-st-martinus-in-stommeln","status":"publish","type":"post","link":"http:\/\/www.musikschulepiccolo.de\/wordpress\/?p=518","title":{"rendered":"3. Klavierkonzert im Pfarrsaal St. Martinus in Stommeln"},"content":{"rendered":"<p><span style=\"font-family: Tahoma; font-size: medium;\">Begeisterung und strahlende Augen zauberten die 19 Klaviersch\u00fclerinnen und -sch\u00fcler beim 3. Klavierkonzert im Pfarrsaal St. Martinus in Stommeln.<\/span><\/p>\n<p><span style=\"color: black; font-family: Tahoma; font-size: medium;\">Nar\u00e9 Karoyan, die das Programm zusammengestellt hatte, lud alle &#8222;zum aufmerksamen H\u00f6ren&#8220; ein&#8230;.<\/span><\/p>\n<p><span style=\"color: black; font-family: Tahoma; font-size: medium;\">Sichtlich angetan \u00fcber die Spielfreude ihrer Sch\u00fclerinnen und Sch\u00fcler tauschten sich die LehrerInnen Junko Shioda, Nar\u00e9 Karoyan, Elmar H\u00fcsch und Pascal Schweren nachher mit den Zuh\u00f6rern aus.<\/span><br \/>\n<iframe loading=\"lazy\" src=\"https:\/\/www.youtube.com\/embed\/fL_sILPgxlg\" height=\"315\" width=\"560\" allowfullscreen=\"\" frameborder=\"0\"><\/iframe><\/p>\n","protected":false},"excerpt":{"rendered":"<p>Begeisterung und strahlende Augen zauberten die 19 Klaviersch\u00fclerinnen und -sch\u00fcler beim 3. Klavierkonzert im Pfarrsaal St. Martinus in Stommeln. Nar\u00e9 Karoyan, die das Programm zusammengestellt hatte, lud alle &#8222;zum aufmerksamen H\u00f6ren&#8220; ein&#8230;. Sichtlich angetan \u00fcber die Spielfreude ihrer Sch\u00fclerinnen und &hellip; <a href=\"http:\/\/www.musikschulepiccolo.de\/wordpress\/?p=518\">Weiterlesen <span class=\"meta-nav\">&rarr;<\/span><\/a><\/p>\n","protected":false},"author":1,"featured_media":0,"comment_status":"closed","ping_status":"open","sticky":false,"template":"","format":"standard","meta":[],"categories":[6,1],"tags":[],"_links":{"self":[{"href":"http:\/\/www.musikschulepiccolo.de\/wordpress\/index.php?rest_route=\/wp\/v2\/posts\/518"}],"collection":[{"href":"http:\/\/www.musikschulepiccolo.de\/wordpress\/index.php?rest_route=\/wp\/v2\/posts"}],"about":[{"href":"http:\/\/www.musikschulepiccolo.de\/wordpress\/index.php?rest_route=\/wp\/v2\/types\/post"}],"author":[{"embeddable":true,"href":"http:\/\/www.musikschulepiccolo.de\/wordpress\/index.php?rest_route=\/wp\/v2\/users\/1"}],"replies":[{"embeddable":true,"href":"http:\/\/www.musikschulepiccolo.de\/wordpress\/index.php?rest_route=%2Fwp%2Fv2%2Fcomments&post=518"}],"version-history":[{"count":1,"href":"http:\/\/www.musikschulepiccolo.de\/wordpress\/index.php?rest_route=\/wp\/v2\/posts\/518\/revisions"}],"predecessor-version":[{"id":519,"href":"http:\/\/www.musikschulepiccolo.de\/wordpress\/index.php?rest_route=\/wp\/v2\/posts\/518\/revisions\/519"}],"wp:attachment":[{"href":"http:\/\/www.musikschulepiccolo.de\/wordpress\/index.php?rest_route=%2Fwp%2Fv2%2Fmedia&parent=518"}],"wp:term":[{"taxonomy":"category","embeddable":true,"href":"http:\/\/www.musikschulepiccolo.de\/wordpress\/index.php?rest_route=%2Fwp%2Fv2%2Fcategories&post=518"},{"taxonomy":"post_tag","embeddable":true,"href":"http:\/\/www.musikschulepiccolo.de\/wordpress\/index.php?rest_route=%2Fwp%2Fv2%2Ftags&post=518"}],"curies":[{"name":"wp","href":"https:\/\/api.w.org\/{rel}","templated":true}]}}