{"id":489,"date":"2016-07-14T16:16:44","date_gmt":"2016-07-14T16:16:44","guid":{"rendered":"http:\/\/www.musikschulepiccolo.de\/wordpress\/?p=489"},"modified":"2016-07-14T16:16:44","modified_gmt":"2016-07-14T16:16:44","slug":"sommervorspiel-im-kleinen-amphitheater-der-musikschule-piccolo","status":"publish","type":"post","link":"http:\/\/www.musikschulepiccolo.de\/wordpress\/?p=489","title":{"rendered":"Sommervorspiel im kleinen Amphitheater der Musikschule Piccolo"},"content":{"rendered":"<p><span style=\"font-family: 'Courier New'; font-size: medium;\">Bei wundersch\u00f6nem Wetter fand am 7.7.2016 das Sommervorspiel\u00a0<\/span><span style=\"font-family: 'Courier New'; font-size: medium;\">im kleinen Amphitheater der Musikschule Piccolo statt.<\/span><\/p>\n<p><span style=\"font-family: 'Courier New'; font-size: medium;\">Zahlreiche Eltern waren begeistert von den abwechslungsreichen\u00a0<\/span><span style=\"font-family: 'Courier New'; font-size: medium;\">Darbietungen.<\/span><\/p>\n<p><span style=\"font-family: 'Courier New'; font-size: medium;\">Zum ersten Mal kam das 2te Schlagzeug zum Einsatz und man staunte \u00fcber das\u00a0<\/span><span style=\"font-family: 'Courier New'; font-size: medium;\">synchrone Trommeln.<\/span><\/p>\n<p><span style=\"font-family: 'Courier New'; font-size: medium;\">H\u00f6hepunkt war das eigens von Pascal Schweren f\u00fcr Band arrangierte Musikst\u00fcck\u00a0<\/span><span style=\"font-family: 'Courier New'; font-size: medium;\">\u201eChameleon\u201c von Herbie Hancock.<\/span><\/p>\n<p><span style=\"font-family: 'Courier New'; font-size: medium;\">Zum Ausklang gab es wie all die Jahre zuvor das verdiente FerienEis\u2026 \u00a0<\/span><br \/>\n<iframe loading=\"lazy\" src=\"https:\/\/www.youtube.com\/embed\/Rig7b0eAKc4\" height=\"315\" width=\"560\" allowfullscreen=\"\" frameborder=\"0\"><\/iframe><\/p>\n","protected":false},"excerpt":{"rendered":"<p>Bei wundersch\u00f6nem Wetter fand am 7.7.2016 das Sommervorspiel\u00a0im kleinen Amphitheater der Musikschule Piccolo statt. Zahlreiche Eltern waren begeistert von den abwechslungsreichen\u00a0Darbietungen. Zum ersten Mal kam das 2te Schlagzeug zum Einsatz und man staunte \u00fcber das\u00a0synchrone Trommeln. H\u00f6hepunkt war das eigens &hellip; <a href=\"http:\/\/www.musikschulepiccolo.de\/wordpress\/?p=489\">Weiterlesen <span class=\"meta-nav\">&rarr;<\/span><\/a><\/p>\n","protected":false},"author":1,"featured_media":0,"comment_status":"closed","ping_status":"open","sticky":false,"template":"","format":"standard","meta":[],"categories":[6,1],"tags":[],"_links":{"self":[{"href":"http:\/\/www.musikschulepiccolo.de\/wordpress\/index.php?rest_route=\/wp\/v2\/posts\/489"}],"collection":[{"href":"http:\/\/www.musikschulepiccolo.de\/wordpress\/index.php?rest_route=\/wp\/v2\/posts"}],"about":[{"href":"http:\/\/www.musikschulepiccolo.de\/wordpress\/index.php?rest_route=\/wp\/v2\/types\/post"}],"author":[{"embeddable":true,"href":"http:\/\/www.musikschulepiccolo.de\/wordpress\/index.php?rest_route=\/wp\/v2\/users\/1"}],"replies":[{"embeddable":true,"href":"http:\/\/www.musikschulepiccolo.de\/wordpress\/index.php?rest_route=%2Fwp%2Fv2%2Fcomments&post=489"}],"version-history":[{"count":1,"href":"http:\/\/www.musikschulepiccolo.de\/wordpress\/index.php?rest_route=\/wp\/v2\/posts\/489\/revisions"}],"predecessor-version":[{"id":490,"href":"http:\/\/www.musikschulepiccolo.de\/wordpress\/index.php?rest_route=\/wp\/v2\/posts\/489\/revisions\/490"}],"wp:attachment":[{"href":"http:\/\/www.musikschulepiccolo.de\/wordpress\/index.php?rest_route=%2Fwp%2Fv2%2Fmedia&parent=489"}],"wp:term":[{"taxonomy":"category","embeddable":true,"href":"http:\/\/www.musikschulepiccolo.de\/wordpress\/index.php?rest_route=%2Fwp%2Fv2%2Fcategories&post=489"},{"taxonomy":"post_tag","embeddable":true,"href":"http:\/\/www.musikschulepiccolo.de\/wordpress\/index.php?rest_route=%2Fwp%2Fv2%2Ftags&post=489"}],"curies":[{"name":"wp","href":"https:\/\/api.w.org\/{rel}","templated":true}]}}