{"id":460,"date":"2015-11-23T08:55:11","date_gmt":"2015-11-23T08:55:11","guid":{"rendered":"http:\/\/www.musikschulepiccolo.de\/wordpress\/?p=460"},"modified":"2015-11-24T22:33:23","modified_gmt":"2015-11-24T22:33:23","slug":"spaete-herbstklaenge","status":"publish","type":"post","link":"http:\/\/www.musikschulepiccolo.de\/wordpress\/?p=460","title":{"rendered":"Sp\u00e4te Herbstkl\u00e4nge"},"content":{"rendered":"<p>Ein \u00e4u\u00dferst abwechslungsreiches Programm boten dieses Mal die<br \/>\n\u201eSP\u00c4TEN HERBSTKL\u00c4NGE\u201e im Pfarrsaal ST. Martinus.<br \/>\nEngagierte Sch\u00fcler und Sch\u00fclerinnen pr\u00e4sentierten sich vor \u00fcberf\u00fclltem Raum<br \/>\nund wurden begeistert gefeiert.<\/p>\n<p>\u00dcber 40 Beitr\u00e4ge sorgten f\u00fcr einen kurzweiligen, unterhaltsamen Nachmittag,<br \/>\nder mit einem gem\u00fctlichen Kaffeetrinken endete.<\/p>\n<p>&nbsp;<br \/>\n<iframe loading=\"lazy\" width=\"420\" height=\"315\" src=\"https:\/\/www.youtube.com\/embed\/wGiu_fo3bJA?rel=0\" frameborder=\"0\" allowfullscreen><\/iframe><\/p>\n","protected":false},"excerpt":{"rendered":"<p>Ein \u00e4u\u00dferst abwechslungsreiches Programm boten dieses Mal die \u201eSP\u00c4TEN HERBSTKL\u00c4NGE\u201e im Pfarrsaal ST. Martinus. Engagierte Sch\u00fcler und Sch\u00fclerinnen pr\u00e4sentierten sich vor \u00fcberf\u00fclltem Raum und wurden begeistert gefeiert. \u00dcber 40 Beitr\u00e4ge sorgten f\u00fcr einen kurzweiligen, unterhaltsamen Nachmittag, der mit einem gem\u00fctlichen &hellip; <a href=\"http:\/\/www.musikschulepiccolo.de\/wordpress\/?p=460\">Weiterlesen <span class=\"meta-nav\">&rarr;<\/span><\/a><\/p>\n","protected":false},"author":1,"featured_media":0,"comment_status":"closed","ping_status":"open","sticky":false,"template":"","format":"standard","meta":[],"categories":[1],"tags":[],"_links":{"self":[{"href":"http:\/\/www.musikschulepiccolo.de\/wordpress\/index.php?rest_route=\/wp\/v2\/posts\/460"}],"collection":[{"href":"http:\/\/www.musikschulepiccolo.de\/wordpress\/index.php?rest_route=\/wp\/v2\/posts"}],"about":[{"href":"http:\/\/www.musikschulepiccolo.de\/wordpress\/index.php?rest_route=\/wp\/v2\/types\/post"}],"author":[{"embeddable":true,"href":"http:\/\/www.musikschulepiccolo.de\/wordpress\/index.php?rest_route=\/wp\/v2\/users\/1"}],"replies":[{"embeddable":true,"href":"http:\/\/www.musikschulepiccolo.de\/wordpress\/index.php?rest_route=%2Fwp%2Fv2%2Fcomments&post=460"}],"version-history":[{"count":6,"href":"http:\/\/www.musikschulepiccolo.de\/wordpress\/index.php?rest_route=\/wp\/v2\/posts\/460\/revisions"}],"predecessor-version":[{"id":469,"href":"http:\/\/www.musikschulepiccolo.de\/wordpress\/index.php?rest_route=\/wp\/v2\/posts\/460\/revisions\/469"}],"wp:attachment":[{"href":"http:\/\/www.musikschulepiccolo.de\/wordpress\/index.php?rest_route=%2Fwp%2Fv2%2Fmedia&parent=460"}],"wp:term":[{"taxonomy":"category","embeddable":true,"href":"http:\/\/www.musikschulepiccolo.de\/wordpress\/index.php?rest_route=%2Fwp%2Fv2%2Fcategories&post=460"},{"taxonomy":"post_tag","embeddable":true,"href":"http:\/\/www.musikschulepiccolo.de\/wordpress\/index.php?rest_route=%2Fwp%2Fv2%2Ftags&post=460"}],"curies":[{"name":"wp","href":"https:\/\/api.w.org\/{rel}","templated":true}]}}