{"id":419,"date":"2014-05-21T15:52:56","date_gmt":"2014-05-21T15:52:56","guid":{"rendered":"http:\/\/www.musikschulepiccolo.de\/wordpress\/?p=419"},"modified":"2014-05-21T15:52:56","modified_gmt":"2014-05-21T15:52:56","slug":"musik-erzaehlt-geschichten","status":"publish","type":"post","link":"http:\/\/www.musikschulepiccolo.de\/wordpress\/?p=419","title":{"rendered":"Musik erz\u00e4hlt Geschichten\u2026"},"content":{"rendered":"<p>Sch\u00fclerinnen und Sch\u00fcler laden ein am<\/p>\n<p><strong>Sonntag &#8211; 1.6.2014 um 16.00 Uhr!<\/strong><\/p>\n<p>Pfarrsaal St. Martinus<br \/>\nVenloer Stra\u00dfe 546 \/ Stommeln<\/p>\n<p>Wir freuen uns auf Sie \/ euch!<\/p>\n","protected":false},"excerpt":{"rendered":"<p>Sch\u00fclerinnen und Sch\u00fcler laden ein am Sonntag &#8211; 1.6.2014 um 16.00 Uhr! Pfarrsaal St. Martinus Venloer Stra\u00dfe 546 \/ Stommeln Wir freuen uns auf Sie \/ euch!<\/p>\n","protected":false},"author":1,"featured_media":0,"comment_status":"closed","ping_status":"open","sticky":false,"template":"","format":"standard","meta":[],"categories":[9,1],"tags":[],"_links":{"self":[{"href":"http:\/\/www.musikschulepiccolo.de\/wordpress\/index.php?rest_route=\/wp\/v2\/posts\/419"}],"collection":[{"href":"http:\/\/www.musikschulepiccolo.de\/wordpress\/index.php?rest_route=\/wp\/v2\/posts"}],"about":[{"href":"http:\/\/www.musikschulepiccolo.de\/wordpress\/index.php?rest_route=\/wp\/v2\/types\/post"}],"author":[{"embeddable":true,"href":"http:\/\/www.musikschulepiccolo.de\/wordpress\/index.php?rest_route=\/wp\/v2\/users\/1"}],"replies":[{"embeddable":true,"href":"http:\/\/www.musikschulepiccolo.de\/wordpress\/index.php?rest_route=%2Fwp%2Fv2%2Fcomments&post=419"}],"version-history":[{"count":1,"href":"http:\/\/www.musikschulepiccolo.de\/wordpress\/index.php?rest_route=\/wp\/v2\/posts\/419\/revisions"}],"predecessor-version":[{"id":420,"href":"http:\/\/www.musikschulepiccolo.de\/wordpress\/index.php?rest_route=\/wp\/v2\/posts\/419\/revisions\/420"}],"wp:attachment":[{"href":"http:\/\/www.musikschulepiccolo.de\/wordpress\/index.php?rest_route=%2Fwp%2Fv2%2Fmedia&parent=419"}],"wp:term":[{"taxonomy":"category","embeddable":true,"href":"http:\/\/www.musikschulepiccolo.de\/wordpress\/index.php?rest_route=%2Fwp%2Fv2%2Fcategories&post=419"},{"taxonomy":"post_tag","embeddable":true,"href":"http:\/\/www.musikschulepiccolo.de\/wordpress\/index.php?rest_route=%2Fwp%2Fv2%2Ftags&post=419"}],"curies":[{"name":"wp","href":"https:\/\/api.w.org\/{rel}","templated":true}]}}